{"id":9917,"date":"2026-03-16T10:24:05","date_gmt":"2026-03-16T15:24:05","guid":{"rendered":"https:\/\/www.radiosensacionfm.com\/?p=9917"},"modified":"2026-03-16T10:24:05","modified_gmt":"2026-03-16T15:24:05","slug":"shakira-y-beele-lanzan-algo-tu-su-nueva-colaboracion-musical","status":"publish","type":"post","link":"https:\/\/www.radiosensacionfm.com\/?p=9917","title":{"rendered":"Shakira y Be\u00e9le lanzan \u201cAlgo T\u00fa\u201d, su nueva colaboraci\u00f3n musical"},"content":{"rendered":"<p>Shakira y Be\u00e9le presentan \u201cAlgo T\u00fa\u201d, una canci\u00f3n que mezcla sonidos latinos y afro con gui\u00f1os a la gaita colombiana. El tema fue estrenado en vivo ante m\u00e1s de 400.000 personas en M\u00e9xico.<\/p>\n<div class=\"relative mb-6 w-full pb-[56.25%]\">\n<div class=\"absolute inset-0 h-full w-full [&amp;&gt;iframe]:absolute [&amp;&gt;iframe]:top-0 [&amp;&gt;iframe]:left-0 [&amp;&gt;iframe]:h-full [&amp;&gt;iframe]:w-full\"><iframe id=\"66994e9a-c54f-4ab7-bb61-ec955b27bc30\" class=\"video-iframe-youtube\" title=\"Shakira &amp; Be\u00e9le - ALGO T\u00da (Official Lyric Video)\" src=\"https:\/\/www.youtube.com\/embed\/DKyvZY5zf_U?enablejsapi=1\" width=\"1280\" height=\"720\" frameborder=\"0\" allowfullscreen=\"allowfullscreen\" data-gtm-yt-inspected-9=\"true\" data-gtm-yt-inspected-14=\"true\" data-mce-fragment=\"1\"><\/iframe><\/div>\n<\/div>\n<div class=\"[&amp;&gt;figure]:mx-auto! [&amp;&gt;figure]:mb-10! [&amp;&gt;figure&gt;img]:mx-auto! [&amp;&gt;h2]:my-5 [&amp;&gt;h2]:text-2xl [&amp;&gt;h2]:font-bold [&amp;&gt;h3]:my-5 [&amp;&gt;h3]:mb-5 [&amp;&gt;h3]:text-xl [&amp;&gt;h3]:font-bold [&amp;&gt;h4]:mb-5 [&amp;&gt;h4]:text-xl [&amp;&gt;img]:mx-auto [&amp;&gt;img]:mb-15! [&amp;&gt;p]:mb-5! [&amp;&gt;p]:text-[20px] [&amp;&gt;p&gt;img]:mx-auto\">\n<p>La m\u00fasica colombiana vuelve a brillar a nivel internacional con \u201cAlgo T\u00fa\u201d, el nuevo sencillo que une a Shakira y a la estrella emergente Be\u00e9le. La canci\u00f3n ya est\u00e1 disponible en todas las plataformas digitales bajo el sello Sony Music Latin \/ 5020 Records.<\/p>\n<p>El tema fue producido por A.C., Flambo, Shakira y Be\u00e9le, y propone una mezcla de sonidos latinos y afro, incorporando instrumentos tradicionales como la gaita colombiana, un gui\u00f1o a Barranquilla, ciudad natal de ambos artistas.<\/p>\n<p>Antes de su lanzamiento oficial, la canci\u00f3n ya hab\u00eda generado expectativa luego de que Shakira y Be\u00e9le la interpretaran en vivo el pasado fin de semana en el Z\u00f3calo de Ciudad de M\u00e9xico, en un evento que reuni\u00f3 a m\u00e1s de 400.000 personas, convirti\u00e9ndose en uno de los conciertos m\u00e1s multitudinarios en la historia del lugar.<\/p>\n<p>Esta no es la primera vez que los artistas trabajan juntos. En 2025, Be\u00e9le particip\u00f3 en la versi\u00f3n especial del cl\u00e1sico \u201cHips Don\u2019t Lie\u201d junto a Shakira y Ed Sheeran para la serie Spotify Anniversary, que celebraba los 20 a\u00f1os del \u00e1lbum Oral Fixation, Vol. 2.<\/p>\n<p>El lanzamiento de \u201cAlgo T\u00fa\u201d llega en medio de un gran momento para Shakira. Su Las Mujeres Ya No Lloran World Tour fue reconocida por Billboard como la gira hispana m\u00e1s taquillera de todos los tiempos, con una recaudaci\u00f3n de 421,6 millones de d\u00f3lares, 82 shows en estadios y m\u00e1s de 3,3 millones de asistentes en Estados Unidos y Latinoam\u00e9rica.<\/p>\n<p>Adem\u00e1s, la barranquillera contin\u00faa sumando hitos en su carrera: recientemente fue nominada al Sal\u00f3n de la Fama del Rock &amp; Roll 2026, un reconocimiento que destaca su impacto global en la m\u00fasica.<\/p>\n<p>Mientras tanto, la expectativa tambi\u00e9n crece por su pr\u00f3ximo show gratuito en la Playa de Copacabana en R\u00edo de Janeiro, programado para el 2 de mayo, donde continuar\u00e1 celebrando su exitosa gira mundial.<\/p>\n<p>Con \u201cAlgo T\u00fa\u201d, Shakira y Be\u00e9le presentan una colaboraci\u00f3n que mezcla ra\u00edces, sonidos modernos y la esencia caribe\u00f1a que identifica a ambos artistas.<\/p>\n<\/div>\n","protected":false},"excerpt":{"rendered":"<p>Shakira y Be\u00e9le presentan \u201cAlgo T\u00fa\u201d, una canci\u00f3n que mezcla sonidos latinos y afro con gui\u00f1os a la gaita colombiana. [&hellip;]<\/p>\n","protected":false},"author":1,"featured_media":9918,"comment_status":"closed","ping_status":"closed","sticky":false,"template":"","format":"standard","meta":{"footnotes":""},"categories":[53,47],"tags":[],"class_list":["post-9917","post","type-post","status-publish","format-standard","has-post-thumbnail","hentry","category-estrenos-musicales","category-noticias"],"yoast_head":"<!-- This site is optimized with the Yoast SEO plugin v24.3 - https:\/\/yoast.com\/wordpress\/plugins\/seo\/ -->\n<title>Shakira y Be\u00e9le lanzan \u201cAlgo T\u00fa\u201d, su nueva colaboraci\u00f3n musical - Radio Sensaci\u00f3n FM<\/title>\n<meta name=\"robots\" content=\"index, follow, max-snippet:-1, max-image-preview:large, max-video-preview:-1\" \/>\n<link rel=\"canonical\" href=\"https:\/\/www.radiosensacionfm.com\/?p=9917\" \/>\n<meta property=\"og:locale\" content=\"es_ES\" \/>\n<meta property=\"og:type\" content=\"article\" \/>\n<meta property=\"og:title\" content=\"Shakira y Be\u00e9le lanzan \u201cAlgo T\u00fa\u201d, su nueva colaboraci\u00f3n musical - Radio Sensaci\u00f3n FM\" \/>\n<meta property=\"og:description\" content=\"Shakira y Be\u00e9le presentan \u201cAlgo T\u00fa\u201d, una canci\u00f3n que mezcla sonidos latinos y afro con gui\u00f1os a la gaita colombiana. [&hellip;]\" \/>\n<meta property=\"og:url\" content=\"https:\/\/www.radiosensacionfm.com\/?p=9917\" \/>\n<meta property=\"og:site_name\" content=\"Radio Sensaci\u00f3n FM\" \/>\n<meta property=\"article:published_time\" content=\"2026-03-16T15:24:05+00:00\" \/>\n<meta property=\"og:image\" content=\"https:\/\/www.radiosensacionfm.com\/wp-content\/uploads\/2026\/03\/444.webp\" \/>\n\t<meta property=\"og:image:width\" content=\"474\" \/>\n\t<meta property=\"og:image:height\" content=\"316\" \/>\n\t<meta property=\"og:image:type\" content=\"image\/webp\" \/>\n<meta name=\"author\" content=\"Radio Sensacion\" \/>\n<meta name=\"twitter:card\" content=\"summary_large_image\" \/>\n<meta name=\"twitter:label1\" content=\"Escrito por\" \/>\n\t<meta name=\"twitter:data1\" content=\"Radio Sensacion\" \/>\n\t<meta name=\"twitter:label2\" content=\"Tiempo de lectura\" \/>\n\t<meta name=\"twitter:data2\" content=\"2 minutos\" \/>\n<script type=\"application\/ld+json\" class=\"yoast-schema-graph\">{\"@context\":\"https:\/\/schema.org\",\"@graph\":[{\"@type\":\"Article\",\"@id\":\"https:\/\/www.radiosensacionfm.com\/?p=9917#article\",\"isPartOf\":{\"@id\":\"https:\/\/www.radiosensacionfm.com\/?p=9917\"},\"author\":{\"name\":\"Radio Sensacion\",\"@id\":\"https:\/\/www.radiosensacionfm.com\/#\/schema\/person\/fb0b30d973cda224bab5b8509f3f17bb\"},\"headline\":\"Shakira y Be\u00e9le lanzan \u201cAlgo T\u00fa\u201d, su nueva colaboraci\u00f3n musical\",\"datePublished\":\"2026-03-16T15:24:05+00:00\",\"dateModified\":\"2026-03-16T15:24:05+00:00\",\"mainEntityOfPage\":{\"@id\":\"https:\/\/www.radiosensacionfm.com\/?p=9917\"},\"wordCount\":402,\"publisher\":{\"@id\":\"https:\/\/www.radiosensacionfm.com\/#organization\"},\"image\":{\"@id\":\"https:\/\/www.radiosensacionfm.com\/?p=9917#primaryimage\"},\"thumbnailUrl\":\"https:\/\/www.radiosensacionfm.com\/wp-content\/uploads\/2026\/03\/444.webp\",\"articleSection\":[\"ESTRENOS MUSICALES\",\"Noticias\"],\"inLanguage\":\"es\"},{\"@type\":\"WebPage\",\"@id\":\"https:\/\/www.radiosensacionfm.com\/?p=9917\",\"url\":\"https:\/\/www.radiosensacionfm.com\/?p=9917\",\"name\":\"Shakira y Be\u00e9le lanzan \u201cAlgo T\u00fa\u201d, su nueva colaboraci\u00f3n musical - Radio Sensaci\u00f3n FM\",\"isPartOf\":{\"@id\":\"https:\/\/www.radiosensacionfm.com\/#website\"},\"primaryImageOfPage\":{\"@id\":\"https:\/\/www.radiosensacionfm.com\/?p=9917#primaryimage\"},\"image\":{\"@id\":\"https:\/\/www.radiosensacionfm.com\/?p=9917#primaryimage\"},\"thumbnailUrl\":\"https:\/\/www.radiosensacionfm.com\/wp-content\/uploads\/2026\/03\/444.webp\",\"datePublished\":\"2026-03-16T15:24:05+00:00\",\"dateModified\":\"2026-03-16T15:24:05+00:00\",\"breadcrumb\":{\"@id\":\"https:\/\/www.radiosensacionfm.com\/?p=9917#breadcrumb\"},\"inLanguage\":\"es\",\"potentialAction\":[{\"@type\":\"ReadAction\",\"target\":[\"https:\/\/www.radiosensacionfm.com\/?p=9917\"]}]},{\"@type\":\"ImageObject\",\"inLanguage\":\"es\",\"@id\":\"https:\/\/www.radiosensacionfm.com\/?p=9917#primaryimage\",\"url\":\"https:\/\/www.radiosensacionfm.com\/wp-content\/uploads\/2026\/03\/444.webp\",\"contentUrl\":\"https:\/\/www.radiosensacionfm.com\/wp-content\/uploads\/2026\/03\/444.webp\",\"width\":474,\"height\":316},{\"@type\":\"BreadcrumbList\",\"@id\":\"https:\/\/www.radiosensacionfm.com\/?p=9917#breadcrumb\",\"itemListElement\":[{\"@type\":\"ListItem\",\"position\":1,\"name\":\"Home\",\"item\":\"https:\/\/www.radiosensacionfm.com\/\"},{\"@type\":\"ListItem\",\"position\":2,\"name\":\"Shakira y Be\u00e9le lanzan \u201cAlgo T\u00fa\u201d, su nueva colaboraci\u00f3n musical\"}]},{\"@type\":\"WebSite\",\"@id\":\"https:\/\/www.radiosensacionfm.com\/#website\",\"url\":\"https:\/\/www.radiosensacionfm.com\/\",\"name\":\"Radio Sensaci\u00f3n FM\",\"description\":\"Espa\u00f1a\",\"publisher\":{\"@id\":\"https:\/\/www.radiosensacionfm.com\/#organization\"},\"potentialAction\":[{\"@type\":\"SearchAction\",\"target\":{\"@type\":\"EntryPoint\",\"urlTemplate\":\"https:\/\/www.radiosensacionfm.com\/?s={search_term_string}\"},\"query-input\":{\"@type\":\"PropertyValueSpecification\",\"valueRequired\":true,\"valueName\":\"search_term_string\"}}],\"inLanguage\":\"es\"},{\"@type\":\"Organization\",\"@id\":\"https:\/\/www.radiosensacionfm.com\/#organization\",\"name\":\"Radio Sensaci\u00f3n FM\",\"url\":\"https:\/\/www.radiosensacionfm.com\/\",\"logo\":{\"@type\":\"ImageObject\",\"inLanguage\":\"es\",\"@id\":\"https:\/\/www.radiosensacionfm.com\/#\/schema\/logo\/image\/\",\"url\":\"https:\/\/www.radiosensacionfm.com\/wp-content\/uploads\/2020\/12\/logo.png\",\"contentUrl\":\"https:\/\/www.radiosensacionfm.com\/wp-content\/uploads\/2020\/12\/logo.png\",\"width\":1200,\"height\":500,\"caption\":\"Radio Sensaci\u00f3n FM\"},\"image\":{\"@id\":\"https:\/\/www.radiosensacionfm.com\/#\/schema\/logo\/image\/\"}},{\"@type\":\"Person\",\"@id\":\"https:\/\/www.radiosensacionfm.com\/#\/schema\/person\/fb0b30d973cda224bab5b8509f3f17bb\",\"name\":\"Radio Sensacion\",\"image\":{\"@type\":\"ImageObject\",\"inLanguage\":\"es\",\"@id\":\"https:\/\/www.radiosensacionfm.com\/#\/schema\/person\/image\/\",\"url\":\"https:\/\/secure.gravatar.com\/avatar\/e480acb7d9720936a47f0303bdcb0b18?s=96&d=mm&r=g\",\"contentUrl\":\"https:\/\/secure.gravatar.com\/avatar\/e480acb7d9720936a47f0303bdcb0b18?s=96&d=mm&r=g\",\"caption\":\"Radio Sensacion\"},\"sameAs\":[\"https:\/\/www.radiosensacionfm.com\"],\"url\":\"https:\/\/www.radiosensacionfm.com\/?author=1\"}]}<\/script>\n<!-- \/ Yoast SEO plugin. -->","yoast_head_json":{"title":"Shakira y Be\u00e9le lanzan \u201cAlgo T\u00fa\u201d, su nueva colaboraci\u00f3n musical - Radio Sensaci\u00f3n FM","robots":{"index":"index","follow":"follow","max-snippet":"max-snippet:-1","max-image-preview":"max-image-preview:large","max-video-preview":"max-video-preview:-1"},"canonical":"https:\/\/www.radiosensacionfm.com\/?p=9917","og_locale":"es_ES","og_type":"article","og_title":"Shakira y Be\u00e9le lanzan \u201cAlgo T\u00fa\u201d, su nueva colaboraci\u00f3n musical - Radio Sensaci\u00f3n FM","og_description":"Shakira y Be\u00e9le presentan \u201cAlgo T\u00fa\u201d, una canci\u00f3n que mezcla sonidos latinos y afro con gui\u00f1os a la gaita colombiana. [&hellip;]","og_url":"https:\/\/www.radiosensacionfm.com\/?p=9917","og_site_name":"Radio Sensaci\u00f3n FM","article_published_time":"2026-03-16T15:24:05+00:00","og_image":[{"width":474,"height":316,"url":"https:\/\/www.radiosensacionfm.com\/wp-content\/uploads\/2026\/03\/444.webp","type":"image\/webp"}],"author":"Radio Sensacion","twitter_card":"summary_large_image","twitter_misc":{"Escrito por":"Radio Sensacion","Tiempo de lectura":"2 minutos"},"schema":{"@context":"https:\/\/schema.org","@graph":[{"@type":"Article","@id":"https:\/\/www.radiosensacionfm.com\/?p=9917#article","isPartOf":{"@id":"https:\/\/www.radiosensacionfm.com\/?p=9917"},"author":{"name":"Radio Sensacion","@id":"https:\/\/www.radiosensacionfm.com\/#\/schema\/person\/fb0b30d973cda224bab5b8509f3f17bb"},"headline":"Shakira y Be\u00e9le lanzan \u201cAlgo T\u00fa\u201d, su nueva colaboraci\u00f3n musical","datePublished":"2026-03-16T15:24:05+00:00","dateModified":"2026-03-16T15:24:05+00:00","mainEntityOfPage":{"@id":"https:\/\/www.radiosensacionfm.com\/?p=9917"},"wordCount":402,"publisher":{"@id":"https:\/\/www.radiosensacionfm.com\/#organization"},"image":{"@id":"https:\/\/www.radiosensacionfm.com\/?p=9917#primaryimage"},"thumbnailUrl":"https:\/\/www.radiosensacionfm.com\/wp-content\/uploads\/2026\/03\/444.webp","articleSection":["ESTRENOS MUSICALES","Noticias"],"inLanguage":"es"},{"@type":"WebPage","@id":"https:\/\/www.radiosensacionfm.com\/?p=9917","url":"https:\/\/www.radiosensacionfm.com\/?p=9917","name":"Shakira y Be\u00e9le lanzan \u201cAlgo T\u00fa\u201d, su nueva colaboraci\u00f3n musical - Radio Sensaci\u00f3n FM","isPartOf":{"@id":"https:\/\/www.radiosensacionfm.com\/#website"},"primaryImageOfPage":{"@id":"https:\/\/www.radiosensacionfm.com\/?p=9917#primaryimage"},"image":{"@id":"https:\/\/www.radiosensacionfm.com\/?p=9917#primaryimage"},"thumbnailUrl":"https:\/\/www.radiosensacionfm.com\/wp-content\/uploads\/2026\/03\/444.webp","datePublished":"2026-03-16T15:24:05+00:00","dateModified":"2026-03-16T15:24:05+00:00","breadcrumb":{"@id":"https:\/\/www.radiosensacionfm.com\/?p=9917#breadcrumb"},"inLanguage":"es","potentialAction":[{"@type":"ReadAction","target":["https:\/\/www.radiosensacionfm.com\/?p=9917"]}]},{"@type":"ImageObject","inLanguage":"es","@id":"https:\/\/www.radiosensacionfm.com\/?p=9917#primaryimage","url":"https:\/\/www.radiosensacionfm.com\/wp-content\/uploads\/2026\/03\/444.webp","contentUrl":"https:\/\/www.radiosensacionfm.com\/wp-content\/uploads\/2026\/03\/444.webp","width":474,"height":316},{"@type":"BreadcrumbList","@id":"https:\/\/www.radiosensacionfm.com\/?p=9917#breadcrumb","itemListElement":[{"@type":"ListItem","position":1,"name":"Home","item":"https:\/\/www.radiosensacionfm.com\/"},{"@type":"ListItem","position":2,"name":"Shakira y Be\u00e9le lanzan \u201cAlgo T\u00fa\u201d, su nueva colaboraci\u00f3n musical"}]},{"@type":"WebSite","@id":"https:\/\/www.radiosensacionfm.com\/#website","url":"https:\/\/www.radiosensacionfm.com\/","name":"Radio Sensaci\u00f3n FM","description":"Espa\u00f1a","publisher":{"@id":"https:\/\/www.radiosensacionfm.com\/#organization"},"potentialAction":[{"@type":"SearchAction","target":{"@type":"EntryPoint","urlTemplate":"https:\/\/www.radiosensacionfm.com\/?s={search_term_string}"},"query-input":{"@type":"PropertyValueSpecification","valueRequired":true,"valueName":"search_term_string"}}],"inLanguage":"es"},{"@type":"Organization","@id":"https:\/\/www.radiosensacionfm.com\/#organization","name":"Radio Sensaci\u00f3n FM","url":"https:\/\/www.radiosensacionfm.com\/","logo":{"@type":"ImageObject","inLanguage":"es","@id":"https:\/\/www.radiosensacionfm.com\/#\/schema\/logo\/image\/","url":"https:\/\/www.radiosensacionfm.com\/wp-content\/uploads\/2020\/12\/logo.png","contentUrl":"https:\/\/www.radiosensacionfm.com\/wp-content\/uploads\/2020\/12\/logo.png","width":1200,"height":500,"caption":"Radio Sensaci\u00f3n FM"},"image":{"@id":"https:\/\/www.radiosensacionfm.com\/#\/schema\/logo\/image\/"}},{"@type":"Person","@id":"https:\/\/www.radiosensacionfm.com\/#\/schema\/person\/fb0b30d973cda224bab5b8509f3f17bb","name":"Radio Sensacion","image":{"@type":"ImageObject","inLanguage":"es","@id":"https:\/\/www.radiosensacionfm.com\/#\/schema\/person\/image\/","url":"https:\/\/secure.gravatar.com\/avatar\/e480acb7d9720936a47f0303bdcb0b18?s=96&d=mm&r=g","contentUrl":"https:\/\/secure.gravatar.com\/avatar\/e480acb7d9720936a47f0303bdcb0b18?s=96&d=mm&r=g","caption":"Radio Sensacion"},"sameAs":["https:\/\/www.radiosensacionfm.com"],"url":"https:\/\/www.radiosensacionfm.com\/?author=1"}]}},"acf":[],"featured_media_src_url":"https:\/\/www.radiosensacionfm.com\/wp-content\/uploads\/2026\/03\/444.webp","_links":{"self":[{"href":"https:\/\/www.radiosensacionfm.com\/index.php?rest_route=\/wp\/v2\/posts\/9917"}],"collection":[{"href":"https:\/\/www.radiosensacionfm.com\/index.php?rest_route=\/wp\/v2\/posts"}],"about":[{"href":"https:\/\/www.radiosensacionfm.com\/index.php?rest_route=\/wp\/v2\/types\/post"}],"author":[{"embeddable":true,"href":"https:\/\/www.radiosensacionfm.com\/index.php?rest_route=\/wp\/v2\/users\/1"}],"replies":[{"embeddable":true,"href":"https:\/\/www.radiosensacionfm.com\/index.php?rest_route=%2Fwp%2Fv2%2Fcomments&post=9917"}],"version-history":[{"count":1,"href":"https:\/\/www.radiosensacionfm.com\/index.php?rest_route=\/wp\/v2\/posts\/9917\/revisions"}],"predecessor-version":[{"id":9919,"href":"https:\/\/www.radiosensacionfm.com\/index.php?rest_route=\/wp\/v2\/posts\/9917\/revisions\/9919"}],"wp:featuredmedia":[{"embeddable":true,"href":"https:\/\/www.radiosensacionfm.com\/index.php?rest_route=\/wp\/v2\/media\/9918"}],"wp:attachment":[{"href":"https:\/\/www.radiosensacionfm.com\/index.php?rest_route=%2Fwp%2Fv2%2Fmedia&parent=9917"}],"wp:term":[{"taxonomy":"category","embeddable":true,"href":"https:\/\/www.radiosensacionfm.com\/index.php?rest_route=%2Fwp%2Fv2%2Fcategories&post=9917"},{"taxonomy":"post_tag","embeddable":true,"href":"https:\/\/www.radiosensacionfm.com\/index.php?rest_route=%2Fwp%2Fv2%2Ftags&post=9917"}],"curies":[{"name":"wp","href":"https:\/\/api.w.org\/{rel}","templated":true}]}}