{"id":9914,"date":"2026-03-16T10:11:13","date_gmt":"2026-03-16T15:11:13","guid":{"rendered":"https:\/\/www.radiosensacionfm.com\/?p=9914"},"modified":"2026-03-16T10:11:13","modified_gmt":"2026-03-16T15:11:13","slug":"ozuna-estrena-su-nueva-cancion-una-aventura","status":"publish","type":"post","link":"https:\/\/www.radiosensacionfm.com\/?p=9914","title":{"rendered":"Ozuna estrena su nueva canci\u00f3n \u201cUna Aventura\u201d"},"content":{"rendered":"<p>El artista puertorrique\u00f1o Ozuna estren\u00f3 su nueva canci\u00f3n \u201cUna Aventura\u201d y anunci\u00f3 el lanzamiento a trav\u00e9s de sus redes sociales con un mensaje que r\u00e1pidamente llam\u00f3 la atenci\u00f3n de sus fans.<\/p>\n<div class=\"relative mb-6 w-full pb-[56.25%]\">\n<div class=\"absolute inset-0 h-full w-full [&amp;&gt;iframe]:absolute [&amp;&gt;iframe]:top-0 [&amp;&gt;iframe]:left-0 [&amp;&gt;iframe]:h-full [&amp;&gt;iframe]:w-full\"><iframe id=\"36cd18f7-060c-4fdc-97c4-8b2c4f92f240\" class=\"video-iframe-youtube\" title=\"Ozuna - Una Aventura (Video Oficial)\" src=\"https:\/\/www.youtube.com\/embed\/AhSEA30GSOw?enablejsapi=1\" width=\"1280\" height=\"720\" frameborder=\"0\" allowfullscreen=\"allowfullscreen\" data-gtm-yt-inspected-9=\"true\" data-gtm-yt-inspected-14=\"true\" data-mce-fragment=\"1\"><\/iframe><\/div>\n<\/div>\n<div class=\"[&amp;&gt;figure]:mx-auto! [&amp;&gt;figure]:mb-10! [&amp;&gt;figure&gt;img]:mx-auto! [&amp;&gt;h2]:my-5 [&amp;&gt;h2]:text-2xl [&amp;&gt;h2]:font-bold [&amp;&gt;h3]:my-5 [&amp;&gt;h3]:mb-5 [&amp;&gt;h3]:text-xl [&amp;&gt;h3]:font-bold [&amp;&gt;h4]:mb-5 [&amp;&gt;h4]:text-xl [&amp;&gt;img]:mx-auto [&amp;&gt;img]:mb-15! [&amp;&gt;p]:mb-5! [&amp;&gt;p]:text-[20px] [&amp;&gt;p&gt;img]:mx-auto\">\n<p>El artista urbano Ozuna sorprendi\u00f3 a sus seguidores con el lanzamiento de su nueva canci\u00f3n \u201cUna Aventura\u201d, un tema que ya<\/p>\n<p>est\u00e1 disponible en plataformas digitales.<\/p>\n<p>El anuncio lo hizo el propio cantante a trav\u00e9s de sus redes sociales, donde comparti\u00f3 un mensaje corto pero directo que encendi\u00f3 a sus fans:<\/p>\n<p>\u00abUNA AVENTURA !!!! OUT NOW !!! LINK EN MI BIO\u00bb<\/p>\n<p>Como suele pasar con cada estreno del artista puertorrique\u00f1o, la publicaci\u00f3n r\u00e1pidamente comenz\u00f3 a recibir miles de reacciones y comentarios de seguidores que esperaban nueva m\u00fasica del int\u00e9rprete de \u00e9xitos como \u201cSe Prepar\u00f3\u201d, \u201cCaramelo\u201d y \u201cHey Mor\u201d.<\/p>\n<p>Aunque Ozuna no revel\u00f3 muchos detalles sobre el lanzamiento antes de publicarlo, el tema ya comenz\u00f3 a circular entre los fans del g\u00e9nero urbano, quienes celebran este nuevo cap\u00edtulo musical del cantante.<\/p>\n<p>Con \u201cUna Aventura\u201d, Ozuna contin\u00faa sumando m\u00fasica a su repertorio y manteniendo su presencia activa dentro de la escena urbana, donde sigue siendo uno de los artistas m\u00e1s influyentes del g\u00e9nero.<\/p>\n<p>&nbsp;<\/p>\n<\/div>\n","protected":false},"excerpt":{"rendered":"<p>El artista puertorrique\u00f1o Ozuna estren\u00f3 su nueva canci\u00f3n \u201cUna Aventura\u201d y anunci\u00f3 el lanzamiento a trav\u00e9s de sus redes sociales [&hellip;]<\/p>\n","protected":false},"author":1,"featured_media":9915,"comment_status":"closed","ping_status":"closed","sticky":false,"template":"","format":"standard","meta":{"footnotes":""},"categories":[53],"tags":[],"class_list":["post-9914","post","type-post","status-publish","format-standard","has-post-thumbnail","hentry","category-estrenos-musicales"],"yoast_head":"<!-- This site is optimized with the Yoast SEO plugin v24.3 - https:\/\/yoast.com\/wordpress\/plugins\/seo\/ -->\n<title>Ozuna estrena su nueva canci\u00f3n \u201cUna Aventura\u201d - Radio Sensaci\u00f3n FM<\/title>\n<meta name=\"robots\" content=\"index, follow, max-snippet:-1, max-image-preview:large, max-video-preview:-1\" \/>\n<link rel=\"canonical\" href=\"https:\/\/www.radiosensacionfm.com\/?p=9914\" \/>\n<meta property=\"og:locale\" content=\"es_ES\" \/>\n<meta property=\"og:type\" content=\"article\" \/>\n<meta property=\"og:title\" content=\"Ozuna estrena su nueva canci\u00f3n \u201cUna Aventura\u201d - Radio Sensaci\u00f3n FM\" \/>\n<meta property=\"og:description\" content=\"El artista puertorrique\u00f1o Ozuna estren\u00f3 su nueva canci\u00f3n \u201cUna Aventura\u201d y anunci\u00f3 el lanzamiento a trav\u00e9s de sus redes sociales [&hellip;]\" \/>\n<meta property=\"og:url\" content=\"https:\/\/www.radiosensacionfm.com\/?p=9914\" \/>\n<meta property=\"og:site_name\" content=\"Radio Sensaci\u00f3n FM\" \/>\n<meta property=\"article:published_time\" content=\"2026-03-16T15:11:13+00:00\" \/>\n<meta property=\"og:image\" content=\"https:\/\/www.radiosensacionfm.com\/wp-content\/uploads\/2026\/03\/maxresdefault.jpg\" \/>\n\t<meta property=\"og:image:width\" content=\"1280\" \/>\n\t<meta property=\"og:image:height\" content=\"720\" \/>\n\t<meta property=\"og:image:type\" content=\"image\/jpeg\" \/>\n<meta name=\"author\" content=\"Radio Sensacion\" \/>\n<meta name=\"twitter:card\" content=\"summary_large_image\" \/>\n<meta name=\"twitter:label1\" content=\"Escrito por\" \/>\n\t<meta name=\"twitter:data1\" content=\"Radio Sensacion\" \/>\n\t<meta name=\"twitter:label2\" content=\"Tiempo de lectura\" \/>\n\t<meta name=\"twitter:data2\" content=\"2 minutos\" \/>\n<script type=\"application\/ld+json\" class=\"yoast-schema-graph\">{\"@context\":\"https:\/\/schema.org\",\"@graph\":[{\"@type\":\"Article\",\"@id\":\"https:\/\/www.radiosensacionfm.com\/?p=9914#article\",\"isPartOf\":{\"@id\":\"https:\/\/www.radiosensacionfm.com\/?p=9914\"},\"author\":{\"name\":\"Radio Sensacion\",\"@id\":\"https:\/\/www.radiosensacionfm.com\/#\/schema\/person\/fb0b30d973cda224bab5b8509f3f17bb\"},\"headline\":\"Ozuna estrena su nueva canci\u00f3n \u201cUna Aventura\u201d\",\"datePublished\":\"2026-03-16T15:11:13+00:00\",\"dateModified\":\"2026-03-16T15:11:13+00:00\",\"mainEntityOfPage\":{\"@id\":\"https:\/\/www.radiosensacionfm.com\/?p=9914\"},\"wordCount\":217,\"publisher\":{\"@id\":\"https:\/\/www.radiosensacionfm.com\/#organization\"},\"image\":{\"@id\":\"https:\/\/www.radiosensacionfm.com\/?p=9914#primaryimage\"},\"thumbnailUrl\":\"https:\/\/www.radiosensacionfm.com\/wp-content\/uploads\/2026\/03\/maxresdefault.jpg\",\"articleSection\":[\"ESTRENOS MUSICALES\"],\"inLanguage\":\"es\"},{\"@type\":\"WebPage\",\"@id\":\"https:\/\/www.radiosensacionfm.com\/?p=9914\",\"url\":\"https:\/\/www.radiosensacionfm.com\/?p=9914\",\"name\":\"Ozuna estrena su nueva canci\u00f3n \u201cUna Aventura\u201d - Radio Sensaci\u00f3n FM\",\"isPartOf\":{\"@id\":\"https:\/\/www.radiosensacionfm.com\/#website\"},\"primaryImageOfPage\":{\"@id\":\"https:\/\/www.radiosensacionfm.com\/?p=9914#primaryimage\"},\"image\":{\"@id\":\"https:\/\/www.radiosensacionfm.com\/?p=9914#primaryimage\"},\"thumbnailUrl\":\"https:\/\/www.radiosensacionfm.com\/wp-content\/uploads\/2026\/03\/maxresdefault.jpg\",\"datePublished\":\"2026-03-16T15:11:13+00:00\",\"dateModified\":\"2026-03-16T15:11:13+00:00\",\"breadcrumb\":{\"@id\":\"https:\/\/www.radiosensacionfm.com\/?p=9914#breadcrumb\"},\"inLanguage\":\"es\",\"potentialAction\":[{\"@type\":\"ReadAction\",\"target\":[\"https:\/\/www.radiosensacionfm.com\/?p=9914\"]}]},{\"@type\":\"ImageObject\",\"inLanguage\":\"es\",\"@id\":\"https:\/\/www.radiosensacionfm.com\/?p=9914#primaryimage\",\"url\":\"https:\/\/www.radiosensacionfm.com\/wp-content\/uploads\/2026\/03\/maxresdefault.jpg\",\"contentUrl\":\"https:\/\/www.radiosensacionfm.com\/wp-content\/uploads\/2026\/03\/maxresdefault.jpg\",\"width\":1280,\"height\":720},{\"@type\":\"BreadcrumbList\",\"@id\":\"https:\/\/www.radiosensacionfm.com\/?p=9914#breadcrumb\",\"itemListElement\":[{\"@type\":\"ListItem\",\"position\":1,\"name\":\"Home\",\"item\":\"https:\/\/www.radiosensacionfm.com\/\"},{\"@type\":\"ListItem\",\"position\":2,\"name\":\"Ozuna estrena su nueva canci\u00f3n \u201cUna Aventura\u201d\"}]},{\"@type\":\"WebSite\",\"@id\":\"https:\/\/www.radiosensacionfm.com\/#website\",\"url\":\"https:\/\/www.radiosensacionfm.com\/\",\"name\":\"Radio Sensaci\u00f3n FM\",\"description\":\"Espa\u00f1a\",\"publisher\":{\"@id\":\"https:\/\/www.radiosensacionfm.com\/#organization\"},\"potentialAction\":[{\"@type\":\"SearchAction\",\"target\":{\"@type\":\"EntryPoint\",\"urlTemplate\":\"https:\/\/www.radiosensacionfm.com\/?s={search_term_string}\"},\"query-input\":{\"@type\":\"PropertyValueSpecification\",\"valueRequired\":true,\"valueName\":\"search_term_string\"}}],\"inLanguage\":\"es\"},{\"@type\":\"Organization\",\"@id\":\"https:\/\/www.radiosensacionfm.com\/#organization\",\"name\":\"Radio Sensaci\u00f3n FM\",\"url\":\"https:\/\/www.radiosensacionfm.com\/\",\"logo\":{\"@type\":\"ImageObject\",\"inLanguage\":\"es\",\"@id\":\"https:\/\/www.radiosensacionfm.com\/#\/schema\/logo\/image\/\",\"url\":\"https:\/\/www.radiosensacionfm.com\/wp-content\/uploads\/2020\/12\/logo.png\",\"contentUrl\":\"https:\/\/www.radiosensacionfm.com\/wp-content\/uploads\/2020\/12\/logo.png\",\"width\":1200,\"height\":500,\"caption\":\"Radio Sensaci\u00f3n FM\"},\"image\":{\"@id\":\"https:\/\/www.radiosensacionfm.com\/#\/schema\/logo\/image\/\"}},{\"@type\":\"Person\",\"@id\":\"https:\/\/www.radiosensacionfm.com\/#\/schema\/person\/fb0b30d973cda224bab5b8509f3f17bb\",\"name\":\"Radio Sensacion\",\"image\":{\"@type\":\"ImageObject\",\"inLanguage\":\"es\",\"@id\":\"https:\/\/www.radiosensacionfm.com\/#\/schema\/person\/image\/\",\"url\":\"https:\/\/secure.gravatar.com\/avatar\/e480acb7d9720936a47f0303bdcb0b18?s=96&d=mm&r=g\",\"contentUrl\":\"https:\/\/secure.gravatar.com\/avatar\/e480acb7d9720936a47f0303bdcb0b18?s=96&d=mm&r=g\",\"caption\":\"Radio Sensacion\"},\"sameAs\":[\"https:\/\/www.radiosensacionfm.com\"],\"url\":\"https:\/\/www.radiosensacionfm.com\/?author=1\"}]}<\/script>\n<!-- \/ Yoast SEO plugin. -->","yoast_head_json":{"title":"Ozuna estrena su nueva canci\u00f3n \u201cUna Aventura\u201d - Radio Sensaci\u00f3n FM","robots":{"index":"index","follow":"follow","max-snippet":"max-snippet:-1","max-image-preview":"max-image-preview:large","max-video-preview":"max-video-preview:-1"},"canonical":"https:\/\/www.radiosensacionfm.com\/?p=9914","og_locale":"es_ES","og_type":"article","og_title":"Ozuna estrena su nueva canci\u00f3n \u201cUna Aventura\u201d - Radio Sensaci\u00f3n FM","og_description":"El artista puertorrique\u00f1o Ozuna estren\u00f3 su nueva canci\u00f3n \u201cUna Aventura\u201d y anunci\u00f3 el lanzamiento a trav\u00e9s de sus redes sociales [&hellip;]","og_url":"https:\/\/www.radiosensacionfm.com\/?p=9914","og_site_name":"Radio Sensaci\u00f3n FM","article_published_time":"2026-03-16T15:11:13+00:00","og_image":[{"width":1280,"height":720,"url":"https:\/\/www.radiosensacionfm.com\/wp-content\/uploads\/2026\/03\/maxresdefault.jpg","type":"image\/jpeg"}],"author":"Radio Sensacion","twitter_card":"summary_large_image","twitter_misc":{"Escrito por":"Radio Sensacion","Tiempo de lectura":"2 minutos"},"schema":{"@context":"https:\/\/schema.org","@graph":[{"@type":"Article","@id":"https:\/\/www.radiosensacionfm.com\/?p=9914#article","isPartOf":{"@id":"https:\/\/www.radiosensacionfm.com\/?p=9914"},"author":{"name":"Radio Sensacion","@id":"https:\/\/www.radiosensacionfm.com\/#\/schema\/person\/fb0b30d973cda224bab5b8509f3f17bb"},"headline":"Ozuna estrena su nueva canci\u00f3n \u201cUna Aventura\u201d","datePublished":"2026-03-16T15:11:13+00:00","dateModified":"2026-03-16T15:11:13+00:00","mainEntityOfPage":{"@id":"https:\/\/www.radiosensacionfm.com\/?p=9914"},"wordCount":217,"publisher":{"@id":"https:\/\/www.radiosensacionfm.com\/#organization"},"image":{"@id":"https:\/\/www.radiosensacionfm.com\/?p=9914#primaryimage"},"thumbnailUrl":"https:\/\/www.radiosensacionfm.com\/wp-content\/uploads\/2026\/03\/maxresdefault.jpg","articleSection":["ESTRENOS MUSICALES"],"inLanguage":"es"},{"@type":"WebPage","@id":"https:\/\/www.radiosensacionfm.com\/?p=9914","url":"https:\/\/www.radiosensacionfm.com\/?p=9914","name":"Ozuna estrena su nueva canci\u00f3n \u201cUna Aventura\u201d - Radio Sensaci\u00f3n FM","isPartOf":{"@id":"https:\/\/www.radiosensacionfm.com\/#website"},"primaryImageOfPage":{"@id":"https:\/\/www.radiosensacionfm.com\/?p=9914#primaryimage"},"image":{"@id":"https:\/\/www.radiosensacionfm.com\/?p=9914#primaryimage"},"thumbnailUrl":"https:\/\/www.radiosensacionfm.com\/wp-content\/uploads\/2026\/03\/maxresdefault.jpg","datePublished":"2026-03-16T15:11:13+00:00","dateModified":"2026-03-16T15:11:13+00:00","breadcrumb":{"@id":"https:\/\/www.radiosensacionfm.com\/?p=9914#breadcrumb"},"inLanguage":"es","potentialAction":[{"@type":"ReadAction","target":["https:\/\/www.radiosensacionfm.com\/?p=9914"]}]},{"@type":"ImageObject","inLanguage":"es","@id":"https:\/\/www.radiosensacionfm.com\/?p=9914#primaryimage","url":"https:\/\/www.radiosensacionfm.com\/wp-content\/uploads\/2026\/03\/maxresdefault.jpg","contentUrl":"https:\/\/www.radiosensacionfm.com\/wp-content\/uploads\/2026\/03\/maxresdefault.jpg","width":1280,"height":720},{"@type":"BreadcrumbList","@id":"https:\/\/www.radiosensacionfm.com\/?p=9914#breadcrumb","itemListElement":[{"@type":"ListItem","position":1,"name":"Home","item":"https:\/\/www.radiosensacionfm.com\/"},{"@type":"ListItem","position":2,"name":"Ozuna estrena su nueva canci\u00f3n \u201cUna Aventura\u201d"}]},{"@type":"WebSite","@id":"https:\/\/www.radiosensacionfm.com\/#website","url":"https:\/\/www.radiosensacionfm.com\/","name":"Radio Sensaci\u00f3n FM","description":"Espa\u00f1a","publisher":{"@id":"https:\/\/www.radiosensacionfm.com\/#organization"},"potentialAction":[{"@type":"SearchAction","target":{"@type":"EntryPoint","urlTemplate":"https:\/\/www.radiosensacionfm.com\/?s={search_term_string}"},"query-input":{"@type":"PropertyValueSpecification","valueRequired":true,"valueName":"search_term_string"}}],"inLanguage":"es"},{"@type":"Organization","@id":"https:\/\/www.radiosensacionfm.com\/#organization","name":"Radio Sensaci\u00f3n FM","url":"https:\/\/www.radiosensacionfm.com\/","logo":{"@type":"ImageObject","inLanguage":"es","@id":"https:\/\/www.radiosensacionfm.com\/#\/schema\/logo\/image\/","url":"https:\/\/www.radiosensacionfm.com\/wp-content\/uploads\/2020\/12\/logo.png","contentUrl":"https:\/\/www.radiosensacionfm.com\/wp-content\/uploads\/2020\/12\/logo.png","width":1200,"height":500,"caption":"Radio Sensaci\u00f3n FM"},"image":{"@id":"https:\/\/www.radiosensacionfm.com\/#\/schema\/logo\/image\/"}},{"@type":"Person","@id":"https:\/\/www.radiosensacionfm.com\/#\/schema\/person\/fb0b30d973cda224bab5b8509f3f17bb","name":"Radio Sensacion","image":{"@type":"ImageObject","inLanguage":"es","@id":"https:\/\/www.radiosensacionfm.com\/#\/schema\/person\/image\/","url":"https:\/\/secure.gravatar.com\/avatar\/e480acb7d9720936a47f0303bdcb0b18?s=96&d=mm&r=g","contentUrl":"https:\/\/secure.gravatar.com\/avatar\/e480acb7d9720936a47f0303bdcb0b18?s=96&d=mm&r=g","caption":"Radio Sensacion"},"sameAs":["https:\/\/www.radiosensacionfm.com"],"url":"https:\/\/www.radiosensacionfm.com\/?author=1"}]}},"acf":[],"featured_media_src_url":"https:\/\/www.radiosensacionfm.com\/wp-content\/uploads\/2026\/03\/maxresdefault-1024x576.jpg","_links":{"self":[{"href":"https:\/\/www.radiosensacionfm.com\/index.php?rest_route=\/wp\/v2\/posts\/9914"}],"collection":[{"href":"https:\/\/www.radiosensacionfm.com\/index.php?rest_route=\/wp\/v2\/posts"}],"about":[{"href":"https:\/\/www.radiosensacionfm.com\/index.php?rest_route=\/wp\/v2\/types\/post"}],"author":[{"embeddable":true,"href":"https:\/\/www.radiosensacionfm.com\/index.php?rest_route=\/wp\/v2\/users\/1"}],"replies":[{"embeddable":true,"href":"https:\/\/www.radiosensacionfm.com\/index.php?rest_route=%2Fwp%2Fv2%2Fcomments&post=9914"}],"version-history":[{"count":1,"href":"https:\/\/www.radiosensacionfm.com\/index.php?rest_route=\/wp\/v2\/posts\/9914\/revisions"}],"predecessor-version":[{"id":9916,"href":"https:\/\/www.radiosensacionfm.com\/index.php?rest_route=\/wp\/v2\/posts\/9914\/revisions\/9916"}],"wp:featuredmedia":[{"embeddable":true,"href":"https:\/\/www.radiosensacionfm.com\/index.php?rest_route=\/wp\/v2\/media\/9915"}],"wp:attachment":[{"href":"https:\/\/www.radiosensacionfm.com\/index.php?rest_route=%2Fwp%2Fv2%2Fmedia&parent=9914"}],"wp:term":[{"taxonomy":"category","embeddable":true,"href":"https:\/\/www.radiosensacionfm.com\/index.php?rest_route=%2Fwp%2Fv2%2Fcategories&post=9914"},{"taxonomy":"post_tag","embeddable":true,"href":"https:\/\/www.radiosensacionfm.com\/index.php?rest_route=%2Fwp%2Fv2%2Ftags&post=9914"}],"curies":[{"name":"wp","href":"https:\/\/api.w.org\/{rel}","templated":true}]}}